{"id":78,"date":"2011-05-21T16:52:00","date_gmt":"2011-05-21T13:52:00","guid":{"rendered":"http:\/\/www.hasankahraman.com.tr\/?p=78"},"modified":"2011-05-21T16:52:00","modified_gmt":"2011-05-21T13:52:00","slug":"suc-ve-cezadan","status":"publish","type":"post","link":"https:\/\/www.hasankahraman.com.tr\/index.php\/2011\/05\/21\/suc-ve-cezadan\/","title":{"rendered":"Su\u00e7 ve Ceza\u2019dan"},"content":{"rendered":"<p>Su\u00e7 ve Ceza\u2019dan Semyon Zaharovi\u00e7 Marmeladov :<\/p>\n<p><em>\u201cYoksulluk ay\u0131p de\u011fil; bunu bilirim.Serho\u015flu\u011fun bir erdem olmad\u0131\u011f\u0131n\u0131 daha da iyi bilirim.Ama sefalet, muhterem efendim, sefalet ay\u0131pt\u0131r.Yoksullukta, yarad\u0131l\u0131\u015f\u0131m\u0131z\u0131n soylu duygular\u0131n\u0131 hen\u00fcz koruyabilirsiniz! Sefalette ise, bunu hi\u00e7 kimse, hi\u00e7bir zaman yapamam\u0131\u015ft\u0131r.Sefalete d\u00fc\u015fm\u00fc\u015f bir kimseyi toplumun d\u0131\u015f\u0131na atmak i\u00e7in sopayla kovalamazlar da s\u00fcp\u00fcrgeyle s\u00fcp\u00fcr\u00fcrler; bu , onu daha da al\u00e7altmak i\u00e7indir. Haklar\u0131 da yok de\u011fil; \u00e7\u00fcnk\u00fc sefalete d\u00fc\u015f\u00fcnce kendi kendimi ilk a\u015fa\u011f\u0131layacak olan benim.Meyhaneye de bunun i\u00e7in geliyorum.\u201d<\/em><\/p>\n","protected":false},"excerpt":{"rendered":"<p>Su\u00e7 ve Ceza\u2019dan Semyon Zaharovi\u00e7 Marmeladov : \u201cYoksulluk ay\u0131p de\u011fil; bunu bilirim.Serho\u015flu\u011fun bir erdem olmad\u0131\u011f\u0131n\u0131 daha da iyi bilirim.Ama sefalet, muhterem efendim, sefalet ay\u0131pt\u0131r.Yoksullukta, yarad\u0131l\u0131\u015f\u0131m\u0131z\u0131n soylu duygular\u0131n\u0131 hen\u00fcz koruyabilirsiniz! Sefalette ise, bunu hi\u00e7 kimse, hi\u00e7bir zaman yapamam\u0131\u015ft\u0131r.Sefalete d\u00fc\u015fm\u00fc\u015f bir kimseyi toplumun d\u0131\u015f\u0131na atmak i\u00e7in sopayla kovalamazlar da s\u00fcp\u00fcrgeyle s\u00fcp\u00fcr\u00fcrler; bu , onu daha da al\u00e7altmak &hellip; <a href=\"https:\/\/www.hasankahraman.com.tr\/index.php\/2011\/05\/21\/suc-ve-cezadan\/\" class=\"more-link\">Okumaya devam et <span class=\"screen-reader-text\">Su\u00e7 ve Ceza\u2019dan<\/span><\/a><\/p>\n","protected":false},"author":1,"featured_media":0,"comment_status":"open","ping_status":"open","sticky":false,"template":"","format":"standard","meta":{"footnotes":""},"categories":[6],"tags":[],"class_list":["post-78","post","type-post","status-publish","format-standard","hentry","category-alintilar"],"_links":{"self":[{"href":"https:\/\/www.hasankahraman.com.tr\/index.php\/wp-json\/wp\/v2\/posts\/78","targetHints":{"allow":["GET"]}}],"collection":[{"href":"https:\/\/www.hasankahraman.com.tr\/index.php\/wp-json\/wp\/v2\/posts"}],"about":[{"href":"https:\/\/www.hasankahraman.com.tr\/index.php\/wp-json\/wp\/v2\/types\/post"}],"author":[{"embeddable":true,"href":"https:\/\/www.hasankahraman.com.tr\/index.php\/wp-json\/wp\/v2\/users\/1"}],"replies":[{"embeddable":true,"href":"https:\/\/www.hasankahraman.com.tr\/index.php\/wp-json\/wp\/v2\/comments?post=78"}],"version-history":[{"count":0,"href":"https:\/\/www.hasankahraman.com.tr\/index.php\/wp-json\/wp\/v2\/posts\/78\/revisions"}],"wp:attachment":[{"href":"https:\/\/www.hasankahraman.com.tr\/index.php\/wp-json\/wp\/v2\/media?parent=78"}],"wp:term":[{"taxonomy":"category","embeddable":true,"href":"https:\/\/www.hasankahraman.com.tr\/index.php\/wp-json\/wp\/v2\/categories?post=78"},{"taxonomy":"post_tag","embeddable":true,"href":"https:\/\/www.hasankahraman.com.tr\/index.php\/wp-json\/wp\/v2\/tags?post=78"}],"curies":[{"name":"wp","href":"https:\/\/api.w.org\/{rel}","templated":true}]}}